{"id":8885,"date":"2025-12-01T13:50:25","date_gmt":"2025-12-01T13:50:25","guid":{"rendered":"https:\/\/redkarawana.com\/?post_type=stories&#038;p=8885"},"modified":"2025-12-05T05:46:43","modified_gmt":"2025-12-05T05:46:43","slug":"pokaz-swiatel-ogrod-botaniczny-bellevue","status":"publish","type":"stories","link":"https:\/\/redkarawana.com\/pl\/opowiesc\/pokaz-swiatel-ogrod-botaniczny-bellevue\/","title":{"rendered":"Kreatywny Pokaz \u015awiate\u0142 w Bellevue Ogrodzie Botanicznym"},"content":{"rendered":"\n<p>Ogr\u00f3d botaniczny Bellevue to 53 akry dzikiej przyrody i krajobrazu ogrodowego. Miasto Bellevue na p\u00f3\u0142nocno-zachodnim Pacyfiku jest gospodarzem ogrodu botanicznego, obejmuj\u0105cego lasy, tereny podmok\u0142e i ogrody krajobrazowe. Pi\u0119kne ogrody maj\u0105 szerok\u0105 gam\u0119 ro\u015blin, kwiat\u00f3w, krzew\u00f3w i drzew. \u015acie\u017cka przyrodnicza w lesie prowadzi do 150-metrowego mostu wisz\u0105cego przecinaj\u0105cego w\u0105w\u00f3z. Unikalna topografia z r\u00f3\u017cnorodn\u0105 flor\u0105 tworzy spokojn\u0105 i relaksuj\u0105c\u0105 przestrze\u0144. Kalendarz Bellevue Botanical Garden zawiera list\u0119 r\u00f3\u017cnych wydarze\u0144 kulturalnych, artystycznych i \u015bwi\u0105tecznych. Arts in the Garden to coroczny pokaz Bellevue Arts in Garden. Garden d&#8217;Lights to wyszukany pokaz \u015bwiate\u0142, obejmuj\u0105cy fantazyjne kszta\u0142ty, ol\u015bniewaj\u0105ce kolory i pi\u0119kne motywy.       <\/p>\n\n<div class=\"wp-block-columns is-layout-flex wp-container-core-columns-is-layout-9d6595d7 wp-block-columns-is-layout-flex\">\n<div class=\"wp-block-column is-layout-flow wp-block-column-is-layout-flow\">\n<figure class=\"wp-block-image size-full\"><img loading=\"lazy\" decoding=\"async\" width=\"1080\" height=\"720\" src=\"https:\/\/redkarawana.com\/wp-content\/uploads\/2024\/05\/1a-USA-Bellevue-Botanical-Garden-Lights-Display.jpg\" alt=\"USA, Bellevue Ogr&#xF3;d Botaniczny, Pokaz &#x15A;wiate&#x142;\" class=\"wp-image-8834\" srcset=\"https:\/\/redkarawana.com\/wp-content\/uploads\/2024\/05\/1a-USA-Bellevue-Botanical-Garden-Lights-Display.jpg 1080w, https:\/\/redkarawana.com\/wp-content\/uploads\/2024\/05\/1a-USA-Bellevue-Botanical-Garden-Lights-Display-300x200.jpg 300w, https:\/\/redkarawana.com\/wp-content\/uploads\/2024\/05\/1a-USA-Bellevue-Botanical-Garden-Lights-Display-1024x683.jpg 1024w, https:\/\/redkarawana.com\/wp-content\/uploads\/2024\/05\/1a-USA-Bellevue-Botanical-Garden-Lights-Display-768x512.jpg 768w, https:\/\/redkarawana.com\/wp-content\/uploads\/2024\/05\/1a-USA-Bellevue-Botanical-Garden-Lights-Display-360x240.jpg 360w, https:\/\/redkarawana.com\/wp-content\/uploads\/2024\/05\/1a-USA-Bellevue-Botanical-Garden-Lights-Display-600x400.jpg 600w\" sizes=\"auto, (max-width: 1080px) 100vw, 1080px\" \/><figcaption class=\"wp-element-caption\">USA, Bellevue Ogr\u00f3d Botaniczny, Pokaz \u015awiate\u0142<\/figcaption><\/figure>\n<\/div>\n\n\n\n<div class=\"wp-block-column is-layout-flow wp-block-column-is-layout-flow\">\n<figure class=\"wp-block-image size-full\"><img loading=\"lazy\" decoding=\"async\" width=\"1080\" height=\"720\" src=\"https:\/\/redkarawana.com\/wp-content\/uploads\/2024\/05\/1b-USA-Bellevue-Botanical-Garden-Lights-Display.jpg\" alt=\"USA, Bellevue Ogr&#xF3;d Botaniczny, Pokaz &#x15A;wiate&#x142;\" class=\"wp-image-8838\" srcset=\"https:\/\/redkarawana.com\/wp-content\/uploads\/2024\/05\/1b-USA-Bellevue-Botanical-Garden-Lights-Display.jpg 1080w, https:\/\/redkarawana.com\/wp-content\/uploads\/2024\/05\/1b-USA-Bellevue-Botanical-Garden-Lights-Display-300x200.jpg 300w, https:\/\/redkarawana.com\/wp-content\/uploads\/2024\/05\/1b-USA-Bellevue-Botanical-Garden-Lights-Display-1024x683.jpg 1024w, https:\/\/redkarawana.com\/wp-content\/uploads\/2024\/05\/1b-USA-Bellevue-Botanical-Garden-Lights-Display-768x512.jpg 768w, https:\/\/redkarawana.com\/wp-content\/uploads\/2024\/05\/1b-USA-Bellevue-Botanical-Garden-Lights-Display-360x240.jpg 360w, https:\/\/redkarawana.com\/wp-content\/uploads\/2024\/05\/1b-USA-Bellevue-Botanical-Garden-Lights-Display-600x400.jpg 600w\" sizes=\"auto, (max-width: 1080px) 100vw, 1080px\" \/><figcaption class=\"wp-element-caption\">USA, Bellevue Ogr\u00f3d Botaniczny, Pokaz \u015awiate\u0142<\/figcaption><\/figure>\n<\/div>\n<\/div>\n\n<h3 class=\"wp-block-heading\">Sztuka w Ogrodzie (Arts in Garden)<\/h3>\n\n<p>W sezonie letnim w Ogrodzie Botanicznym Bellevue odbywa si\u0119 coroczny pokaz Bellevue Arts in Garden. W ogrodzie prezentowane s\u0105 kolorowe dzie\u0142a sztuki, upi\u0119kszaj\u0105ce przestrze\u0144 zewn\u0119trzn\u0105. Dzie\u0142a sztuki obejmuj\u0105 r\u00f3\u017cnorodne rze\u017aby, szklane przedmioty i sztuk\u0119 ogrodow\u0105. Na wystawie Arts in Garden prezentowane s\u0105 dzie\u0142a stworzone przez r\u00f3\u017cnych artyst\u00f3w. Wystawione dzie\u0142a sztuki mo\u017cna kupi\u0107 bezpo\u015brednio od artyst\u00f3w. Bellevue Arts in Garden to \u017cywe i kolorowe wydarzenie. Jest to wzbogacaj\u0105ce do\u015bwiadczenie, podkre\u015blaj\u0105ce harmoni\u0119 natury, muzyki i sztuki.        <\/p>\n\n<h3 class=\"wp-block-heading\">Pokaz \u015awiate\u0142 (Garden d\u2019Lights)<\/h3>\n\n<p>Ogr\u00f3d botaniczny w Bellevue jest gospodarzem corocznego pokazu Garden d \u201eLights w okresie \u015bwi\u0105tecznym. Wieczorem, wyszukany pokaz \u015bwiate\u0142 zdobi pi\u0119kne ogrody. O\u015bwietlone \u015bcie\u017cki prowadz\u0105 odwiedzaj\u0105cych wzd\u0142u\u017c kolorowych \u015bwiate\u0142, uformowanych w unikalne kszta\u0142ty, pi\u0119kne stworzenia i pomys\u0142owe motywy. Obserwujemy jasne \u015bwiat\u0142a uformowane w ptaki, kwiaty, ro\u015bliny, zwierz\u0119ta morskie, smoki, rzeki i wiele innych kszta\u0142t\u00f3w. Garden d\u201d Lights to uroczyste wydarzenie, wystawa \u015bwiate\u0142 i wspania\u0142e do\u015bwiadczenie.    <\/p>\n\n<div class=\"wp-block-columns is-layout-flex wp-container-core-columns-is-layout-9d6595d7 wp-block-columns-is-layout-flex\">\n<div class=\"wp-block-column is-layout-flow wp-block-column-is-layout-flow\">\n<figure class=\"wp-block-image size-full\"><img loading=\"lazy\" decoding=\"async\" width=\"1080\" height=\"720\" src=\"https:\/\/redkarawana.com\/wp-content\/uploads\/2024\/05\/1c-USA-Bellevue-Botanical-Garden.jpg\" alt=\"USA, Bellevue Ogr&#xF3;d Botaniczny, Pokaz &#x15A;wiate&#x142;\" class=\"wp-image-8842\" srcset=\"https:\/\/redkarawana.com\/wp-content\/uploads\/2024\/05\/1c-USA-Bellevue-Botanical-Garden.jpg 1080w, https:\/\/redkarawana.com\/wp-content\/uploads\/2024\/05\/1c-USA-Bellevue-Botanical-Garden-300x200.jpg 300w, https:\/\/redkarawana.com\/wp-content\/uploads\/2024\/05\/1c-USA-Bellevue-Botanical-Garden-1024x683.jpg 1024w, https:\/\/redkarawana.com\/wp-content\/uploads\/2024\/05\/1c-USA-Bellevue-Botanical-Garden-768x512.jpg 768w, https:\/\/redkarawana.com\/wp-content\/uploads\/2024\/05\/1c-USA-Bellevue-Botanical-Garden-360x240.jpg 360w, https:\/\/redkarawana.com\/wp-content\/uploads\/2024\/05\/1c-USA-Bellevue-Botanical-Garden-600x400.jpg 600w\" sizes=\"auto, (max-width: 1080px) 100vw, 1080px\" \/><figcaption class=\"wp-element-caption\">USA, Bellevue Ogr\u00f3d Botaniczny, Pokaz \u015awiate\u0142<\/figcaption><\/figure>\n<\/div>\n\n\n\n<div class=\"wp-block-column is-layout-flow wp-block-column-is-layout-flow\">\n<figure class=\"wp-block-image size-full\"><img loading=\"lazy\" decoding=\"async\" width=\"1080\" height=\"720\" src=\"https:\/\/redkarawana.com\/wp-content\/uploads\/2024\/05\/1d-USA-Bellevue-Botanical-Garden.jpg\" alt=\"USA, Bellevue Ogr&#xF3;d Botaniczny, Pokaz &#x15A;wiate&#x142;\" class=\"wp-image-8846\" srcset=\"https:\/\/redkarawana.com\/wp-content\/uploads\/2024\/05\/1d-USA-Bellevue-Botanical-Garden.jpg 1080w, https:\/\/redkarawana.com\/wp-content\/uploads\/2024\/05\/1d-USA-Bellevue-Botanical-Garden-300x200.jpg 300w, https:\/\/redkarawana.com\/wp-content\/uploads\/2024\/05\/1d-USA-Bellevue-Botanical-Garden-1024x683.jpg 1024w, https:\/\/redkarawana.com\/wp-content\/uploads\/2024\/05\/1d-USA-Bellevue-Botanical-Garden-768x512.jpg 768w, https:\/\/redkarawana.com\/wp-content\/uploads\/2024\/05\/1d-USA-Bellevue-Botanical-Garden-360x240.jpg 360w, https:\/\/redkarawana.com\/wp-content\/uploads\/2024\/05\/1d-USA-Bellevue-Botanical-Garden-600x400.jpg 600w\" sizes=\"auto, (max-width: 1080px) 100vw, 1080px\" \/><figcaption class=\"wp-element-caption\">USA, Bellevue Ogr\u00f3d Botaniczny, Pokaz \u015awiate\u0142<\/figcaption><\/figure>\n<\/div>\n<\/div>\n","protected":false},"excerpt":{"rendered":"<p>Ogr\u00f3d botaniczny Bellevue to 53 akry dzikiej przyrody i krajobrazu ogrodowego. Miasto Bellevue na p\u00f3\u0142nocno-zachodnim Pacyfiku jest gospodarzem ogrodu botanicznego, obejmuj\u0105cego lasy, tereny podmok\u0142e i ogrody krajobrazowe. Pi\u0119kne ogrody maj\u0105 szerok\u0105 gam\u0119 ro\u015blin, kwiat\u00f3w, krzew\u00f3w i drzew. \u015acie\u017cka przyrodnicza w lesie prowadzi do 150-metrowego mostu wisz\u0105cego przecinaj\u0105cego w\u0105w\u00f3z. Unikalna topografia z r\u00f3\u017cnorodn\u0105 flor\u0105 tworzy spokojn\u0105 [&hellip;]<\/p>\n","protected":false},"featured_media":8829,"template":"","meta":{"_acf_changed":true},"class_list":["post-8885","stories","type-stories","status-publish","has-post-thumbnail","hentry"],"acf":[],"yoast_head":"<!-- This site is optimized with the Yoast SEO plugin v27.4 - https:\/\/yoast.com\/product\/yoast-seo-wordpress\/ -->\n<title>Pokaz \u015awiate\u0142 w Bellevue Ogrodzie Botanicznym - Opowie\u015b\u0107 - Red Karawana<\/title>\n<meta name=\"description\" content=\"Coroczny Garden d\u2019Lights organizowany przez Bellevue Ogr\u00f3d Botaniczny to pi\u0119kny i kolorowy Pokaz \u015awiate\u0142.\" \/>\n<meta name=\"robots\" content=\"index, follow, max-snippet:-1, max-image-preview:large, max-video-preview:-1\" \/>\n<link rel=\"canonical\" href=\"https:\/\/redkarawana.com\/pl\/opowiesc\/pokaz-swiatel-ogrod-botaniczny-bellevue\/\" \/>\n<meta property=\"og:locale\" content=\"pl_PL\" \/>\n<meta property=\"og:type\" content=\"article\" \/>\n<meta property=\"og:title\" content=\"Pokaz \u015awiate\u0142 w Bellevue Ogrodzie Botanicznym - Opowie\u015b\u0107 - Red Karawana\" \/>\n<meta property=\"og:description\" content=\"Coroczny Garden d\u2019Lights organizowany przez Bellevue Ogr\u00f3d Botaniczny to pi\u0119kny i kolorowy Pokaz \u015awiate\u0142.\" \/>\n<meta property=\"og:url\" content=\"https:\/\/redkarawana.com\/pl\/opowiesc\/pokaz-swiatel-ogrod-botaniczny-bellevue\/\" \/>\n<meta property=\"og:site_name\" content=\"Red Karawana\" \/>\n<meta property=\"article:publisher\" content=\"https:\/\/www.facebook.com\/redkarawana\/\" \/>\n<meta property=\"article:modified_time\" content=\"2025-12-05T05:46:43+00:00\" \/>\n<meta property=\"og:image\" content=\"https:\/\/redkarawana.com\/wp-content\/uploads\/2024\/05\/1-AF1200x630-USA-Bellevue-Botanical-Garden-Lights-Display.jpg\" \/>\n\t<meta property=\"og:image:width\" content=\"1200\" \/>\n\t<meta property=\"og:image:height\" content=\"630\" \/>\n\t<meta property=\"og:image:type\" content=\"image\/jpeg\" \/>\n<meta name=\"twitter:card\" content=\"summary_large_image\" \/>\n<meta name=\"twitter:label1\" content=\"Szacowany czas czytania\" \/>\n\t<meta name=\"twitter:data1\" content=\"3 minuty\" \/>\n<script type=\"application\/ld+json\" class=\"yoast-schema-graph\">{\"@context\":\"https:\\\/\\\/schema.org\",\"@graph\":[{\"@type\":\"WebPage\",\"@id\":\"https:\\\/\\\/redkarawana.com\\\/pl\\\/opowiesc\\\/pokaz-swiatel-ogrod-botaniczny-bellevue\\\/\",\"url\":\"https:\\\/\\\/redkarawana.com\\\/pl\\\/opowiesc\\\/pokaz-swiatel-ogrod-botaniczny-bellevue\\\/\",\"name\":\"Pokaz \u015awiate\u0142 w Bellevue Ogrodzie Botanicznym - Opowie\u015b\u0107 - Red Karawana\",\"isPartOf\":{\"@id\":\"https:\\\/\\\/redkarawana.com\\\/#website\"},\"primaryImageOfPage\":{\"@id\":\"https:\\\/\\\/redkarawana.com\\\/pl\\\/opowiesc\\\/pokaz-swiatel-ogrod-botaniczny-bellevue\\\/#primaryimage\"},\"image\":{\"@id\":\"https:\\\/\\\/redkarawana.com\\\/pl\\\/opowiesc\\\/pokaz-swiatel-ogrod-botaniczny-bellevue\\\/#primaryimage\"},\"thumbnailUrl\":\"https:\\\/\\\/redkarawana.com\\\/wp-content\\\/uploads\\\/2024\\\/05\\\/1-Feature-USA-Bellevue-Botanical-Garden-Lights-Display.jpg\",\"datePublished\":\"2025-12-01T13:50:25+00:00\",\"dateModified\":\"2025-12-05T05:46:43+00:00\",\"description\":\"Coroczny Garden d\u2019Lights organizowany przez Bellevue Ogr\u00f3d Botaniczny to pi\u0119kny i kolorowy Pokaz \u015awiate\u0142.\",\"breadcrumb\":{\"@id\":\"https:\\\/\\\/redkarawana.com\\\/pl\\\/opowiesc\\\/pokaz-swiatel-ogrod-botaniczny-bellevue\\\/#breadcrumb\"},\"inLanguage\":\"pl-PL\",\"potentialAction\":[{\"@type\":\"ReadAction\",\"target\":[\"https:\\\/\\\/redkarawana.com\\\/pl\\\/opowiesc\\\/pokaz-swiatel-ogrod-botaniczny-bellevue\\\/\"]}]},{\"@type\":\"ImageObject\",\"inLanguage\":\"pl-PL\",\"@id\":\"https:\\\/\\\/redkarawana.com\\\/pl\\\/opowiesc\\\/pokaz-swiatel-ogrod-botaniczny-bellevue\\\/#primaryimage\",\"url\":\"https:\\\/\\\/redkarawana.com\\\/wp-content\\\/uploads\\\/2024\\\/05\\\/1-Feature-USA-Bellevue-Botanical-Garden-Lights-Display.jpg\",\"contentUrl\":\"https:\\\/\\\/redkarawana.com\\\/wp-content\\\/uploads\\\/2024\\\/05\\\/1-Feature-USA-Bellevue-Botanical-Garden-Lights-Display.jpg\",\"width\":680,\"height\":453,\"caption\":\"USA, Bellevue Ogr\u00f3d Botaniczny, Pokaz \u015awiate\u0142\"},{\"@type\":\"BreadcrumbList\",\"@id\":\"https:\\\/\\\/redkarawana.com\\\/pl\\\/opowiesc\\\/pokaz-swiatel-ogrod-botaniczny-bellevue\\\/#breadcrumb\",\"itemListElement\":[{\"@type\":\"ListItem\",\"position\":1,\"name\":\"Home\",\"item\":\"https:\\\/\\\/redkarawana.com\\\/pl\\\/\"},{\"@type\":\"ListItem\",\"position\":2,\"name\":\"Kreatywny Pokaz \u015awiate\u0142 w Bellevue Ogrodzie Botanicznym\"}]},{\"@type\":\"WebSite\",\"@id\":\"https:\\\/\\\/redkarawana.com\\\/#website\",\"url\":\"https:\\\/\\\/redkarawana.com\\\/\",\"name\":\"Red Karawana\",\"description\":\"\",\"publisher\":{\"@id\":\"https:\\\/\\\/redkarawana.com\\\/#organization\"},\"potentialAction\":[{\"@type\":\"SearchAction\",\"target\":{\"@type\":\"EntryPoint\",\"urlTemplate\":\"https:\\\/\\\/redkarawana.com\\\/?s={search_term_string}\"},\"query-input\":{\"@type\":\"PropertyValueSpecification\",\"valueRequired\":true,\"valueName\":\"search_term_string\"}}],\"inLanguage\":\"pl-PL\"},{\"@type\":\"Organization\",\"@id\":\"https:\\\/\\\/redkarawana.com\\\/#organization\",\"name\":\"Red Karawana\",\"url\":\"https:\\\/\\\/redkarawana.com\\\/\",\"logo\":{\"@type\":\"ImageObject\",\"inLanguage\":\"pl-PL\",\"@id\":\"https:\\\/\\\/redkarawana.com\\\/#\\\/schema\\\/logo\\\/image\\\/\",\"url\":\"https:\\\/\\\/redkarawana.com\\\/wp-content\\\/uploads\\\/2025\\\/05\\\/cropped-Screenshot-2025-05-29-at-09.27.38.png\",\"contentUrl\":\"https:\\\/\\\/redkarawana.com\\\/wp-content\\\/uploads\\\/2025\\\/05\\\/cropped-Screenshot-2025-05-29-at-09.27.38.png\",\"width\":512,\"height\":512,\"caption\":\"Red Karawana\"},\"image\":{\"@id\":\"https:\\\/\\\/redkarawana.com\\\/#\\\/schema\\\/logo\\\/image\\\/\"},\"sameAs\":[\"https:\\\/\\\/www.facebook.com\\\/redkarawana\\\/\",\"https:\\\/\\\/www.instagram.com\\\/redkarawana\\\/\",\"https:\\\/\\\/www.youtube.com\\\/channel\\\/UCU9jXzSmyKm4ZZv38FEXGKg\",\"https:\\\/\\\/www.pinterest.com\\\/redkarawana\\\/\"]}]}<\/script>\n<!-- \/ Yoast SEO plugin. -->","yoast_head_json":{"title":"Pokaz \u015awiate\u0142 w Bellevue Ogrodzie Botanicznym - Opowie\u015b\u0107 - Red Karawana","description":"Coroczny Garden d\u2019Lights organizowany przez Bellevue Ogr\u00f3d Botaniczny to pi\u0119kny i kolorowy Pokaz \u015awiate\u0142.","robots":{"index":"index","follow":"follow","max-snippet":"max-snippet:-1","max-image-preview":"max-image-preview:large","max-video-preview":"max-video-preview:-1"},"canonical":"https:\/\/redkarawana.com\/pl\/opowiesc\/pokaz-swiatel-ogrod-botaniczny-bellevue\/","og_locale":"pl_PL","og_type":"article","og_title":"Pokaz \u015awiate\u0142 w Bellevue Ogrodzie Botanicznym - Opowie\u015b\u0107 - Red Karawana","og_description":"Coroczny Garden d\u2019Lights organizowany przez Bellevue Ogr\u00f3d Botaniczny to pi\u0119kny i kolorowy Pokaz \u015awiate\u0142.","og_url":"https:\/\/redkarawana.com\/pl\/opowiesc\/pokaz-swiatel-ogrod-botaniczny-bellevue\/","og_site_name":"Red Karawana","article_publisher":"https:\/\/www.facebook.com\/redkarawana\/","article_modified_time":"2025-12-05T05:46:43+00:00","og_image":[{"width":1200,"height":630,"url":"https:\/\/redkarawana.com\/wp-content\/uploads\/2024\/05\/1-AF1200x630-USA-Bellevue-Botanical-Garden-Lights-Display.jpg","type":"image\/jpeg"}],"twitter_card":"summary_large_image","twitter_misc":{"Szacowany czas czytania":"3 minuty"},"schema":{"@context":"https:\/\/schema.org","@graph":[{"@type":"WebPage","@id":"https:\/\/redkarawana.com\/pl\/opowiesc\/pokaz-swiatel-ogrod-botaniczny-bellevue\/","url":"https:\/\/redkarawana.com\/pl\/opowiesc\/pokaz-swiatel-ogrod-botaniczny-bellevue\/","name":"Pokaz \u015awiate\u0142 w Bellevue Ogrodzie Botanicznym - Opowie\u015b\u0107 - Red Karawana","isPartOf":{"@id":"https:\/\/redkarawana.com\/#website"},"primaryImageOfPage":{"@id":"https:\/\/redkarawana.com\/pl\/opowiesc\/pokaz-swiatel-ogrod-botaniczny-bellevue\/#primaryimage"},"image":{"@id":"https:\/\/redkarawana.com\/pl\/opowiesc\/pokaz-swiatel-ogrod-botaniczny-bellevue\/#primaryimage"},"thumbnailUrl":"https:\/\/redkarawana.com\/wp-content\/uploads\/2024\/05\/1-Feature-USA-Bellevue-Botanical-Garden-Lights-Display.jpg","datePublished":"2025-12-01T13:50:25+00:00","dateModified":"2025-12-05T05:46:43+00:00","description":"Coroczny Garden d\u2019Lights organizowany przez Bellevue Ogr\u00f3d Botaniczny to pi\u0119kny i kolorowy Pokaz \u015awiate\u0142.","breadcrumb":{"@id":"https:\/\/redkarawana.com\/pl\/opowiesc\/pokaz-swiatel-ogrod-botaniczny-bellevue\/#breadcrumb"},"inLanguage":"pl-PL","potentialAction":[{"@type":"ReadAction","target":["https:\/\/redkarawana.com\/pl\/opowiesc\/pokaz-swiatel-ogrod-botaniczny-bellevue\/"]}]},{"@type":"ImageObject","inLanguage":"pl-PL","@id":"https:\/\/redkarawana.com\/pl\/opowiesc\/pokaz-swiatel-ogrod-botaniczny-bellevue\/#primaryimage","url":"https:\/\/redkarawana.com\/wp-content\/uploads\/2024\/05\/1-Feature-USA-Bellevue-Botanical-Garden-Lights-Display.jpg","contentUrl":"https:\/\/redkarawana.com\/wp-content\/uploads\/2024\/05\/1-Feature-USA-Bellevue-Botanical-Garden-Lights-Display.jpg","width":680,"height":453,"caption":"USA, Bellevue Ogr\u00f3d Botaniczny, Pokaz \u015awiate\u0142"},{"@type":"BreadcrumbList","@id":"https:\/\/redkarawana.com\/pl\/opowiesc\/pokaz-swiatel-ogrod-botaniczny-bellevue\/#breadcrumb","itemListElement":[{"@type":"ListItem","position":1,"name":"Home","item":"https:\/\/redkarawana.com\/pl\/"},{"@type":"ListItem","position":2,"name":"Kreatywny Pokaz \u015awiate\u0142 w Bellevue Ogrodzie Botanicznym"}]},{"@type":"WebSite","@id":"https:\/\/redkarawana.com\/#website","url":"https:\/\/redkarawana.com\/","name":"Red Karawana","description":"","publisher":{"@id":"https:\/\/redkarawana.com\/#organization"},"potentialAction":[{"@type":"SearchAction","target":{"@type":"EntryPoint","urlTemplate":"https:\/\/redkarawana.com\/?s={search_term_string}"},"query-input":{"@type":"PropertyValueSpecification","valueRequired":true,"valueName":"search_term_string"}}],"inLanguage":"pl-PL"},{"@type":"Organization","@id":"https:\/\/redkarawana.com\/#organization","name":"Red Karawana","url":"https:\/\/redkarawana.com\/","logo":{"@type":"ImageObject","inLanguage":"pl-PL","@id":"https:\/\/redkarawana.com\/#\/schema\/logo\/image\/","url":"https:\/\/redkarawana.com\/wp-content\/uploads\/2025\/05\/cropped-Screenshot-2025-05-29-at-09.27.38.png","contentUrl":"https:\/\/redkarawana.com\/wp-content\/uploads\/2025\/05\/cropped-Screenshot-2025-05-29-at-09.27.38.png","width":512,"height":512,"caption":"Red Karawana"},"image":{"@id":"https:\/\/redkarawana.com\/#\/schema\/logo\/image\/"},"sameAs":["https:\/\/www.facebook.com\/redkarawana\/","https:\/\/www.instagram.com\/redkarawana\/","https:\/\/www.youtube.com\/channel\/UCU9jXzSmyKm4ZZv38FEXGKg","https:\/\/www.pinterest.com\/redkarawana\/"]}]}},"_links":{"self":[{"href":"https:\/\/redkarawana.com\/pl\/wp-json\/wp\/v2\/stories\/8885","targetHints":{"allow":["GET"]}}],"collection":[{"href":"https:\/\/redkarawana.com\/pl\/wp-json\/wp\/v2\/stories"}],"about":[{"href":"https:\/\/redkarawana.com\/pl\/wp-json\/wp\/v2\/types\/stories"}],"wp:featuredmedia":[{"embeddable":true,"href":"https:\/\/redkarawana.com\/pl\/wp-json\/wp\/v2\/media\/8829"}],"wp:attachment":[{"href":"https:\/\/redkarawana.com\/pl\/wp-json\/wp\/v2\/media?parent=8885"}],"curies":[{"name":"wp","href":"https:\/\/api.w.org\/{rel}","templated":true}]}}